{"id":5364,"date":"2026-08-27T21:57:46","date_gmt":"2026-08-28T00:57:46","guid":{"rendered":"https:\/\/ftiaeg.com.br\/imprensa\/postagens\/atvos-recua-em-pontos-registrados-em-ata-e-sindicatos-manifestam-indignacao-com-postura-da-empresa-nas-negociacoes\/"},"modified":"2026-08-27T21:57:46","modified_gmt":"2026-08-28T00:57:46","slug":"atvos-recua-em-pontos-registrados-em-ata-e-sindicatos-manifestam-indignacao-com-postura-da-empresa-nas-negociacoes","status":"publish","type":"postagens","link":"https:\/\/ftiaeg.com.br\/imprensa\/postagens\/atvos-recua-em-pontos-registrados-em-ata-e-sindicatos-manifestam-indignacao-com-postura-da-empresa-nas-negociacoes\/","title":{"rendered":"ATVOS RECUA EM PONTOS REGISTRADOS EM ATA E SINDICATOS MANIFESTAM INDIGNA\u00c7\u00c3O COM POSTURA DA EMPRESA NAS NEGOCIA\u00c7\u00d5ES"},"content":{"rendered":"","protected":false},"featured_media":5363,"menu_order":0,"template":"","meta":[],"destaques":[],"categorias":[27],"class_list":["post-5364","postagens","type-postagens","status-publish","has-post-thumbnail","hentry","categorias-sindicatos"],"_links":{"self":[{"href":"https:\/\/ftiaeg.com.br\/imprensa\/wp-json\/wp\/v2\/postagens\/5364","targetHints":{"allow":["GET"]}}],"collection":[{"href":"https:\/\/ftiaeg.com.br\/imprensa\/wp-json\/wp\/v2\/postagens"}],"about":[{"href":"https:\/\/ftiaeg.com.br\/imprensa\/wp-json\/wp\/v2\/types\/postagens"}],"wp:featuredmedia":[{"embeddable":true,"href":"https:\/\/ftiaeg.com.br\/imprensa\/wp-json\/wp\/v2\/media\/5363"}],"wp:attachment":[{"href":"https:\/\/ftiaeg.com.br\/imprensa\/wp-json\/wp\/v2\/media?parent=5364"}],"wp:term":[{"taxonomy":"destaques","embeddable":true,"href":"https:\/\/ftiaeg.com.br\/imprensa\/wp-json\/wp\/v2\/destaques?post=5364"},{"taxonomy":"categorias","embeddable":true,"href":"https:\/\/ftiaeg.com.br\/imprensa\/wp-json\/wp\/v2\/categorias?post=5364"}],"curies":[{"name":"wp","href":"https:\/\/api.w.org\/{rel}","templated":true}]}}